{"id":95,"date":"2019-09-12T17:20:43","date_gmt":"2019-09-12T15:20:43","guid":{"rendered":"https:\/\/www.wewillrockyou-themusical.it\/?p=95"},"modified":"2019-10-28T12:11:29","modified_gmt":"2019-10-28T11:11:29","slug":"we-will-rock-you-il-calendario-della-nuova-stagione-aggiunge-una-nuova-tappa-a-mestre-3","status":"publish","type":"post","link":"https:\/\/www.wewillrockyou-themusical.it\/index.php\/2019\/09\/12\/we-will-rock-you-il-calendario-della-nuova-stagione-aggiunge-una-nuova-tappa-a-mestre-3\/","title":{"rendered":"Annunciato il nuovo cast: MARTHA ROSSI e LUCA MARCONI saranno Scaramouche e Galileo!"},"content":{"rendered":"<div class=\"wpb-content-wrapper\"><p>[vc_row][vc_column][vc_column_text]Nell\u2019aprile 2019, dopo un tour di grande successo di pubblico e critica, che ha registrato circa 65.000 spettatori paganti nelle 56 repliche che hanno toccato da nord a sud le principali citt\u00e0 italiane, si \u00e8 conclusa la prima stagione teatrale di We Will Rock You, lo spettacolo con le canzoni dei Queen. Le vicende di Galileo e Scaramouche hanno appassionato a ritmo di Rock platee animate da giovani e meno giovani che hanno condiviso con i protagonisti, tra emozioni e risate, il racconto di una Speranza, del potere salvifico del Rock and Roll, della condivisione e del diritto di poter esprimere se stessi.<\/p>\n<p>Ora <strong>Barley Arts<\/strong>, nella figura di <strong>Claudio Trotta<\/strong>, annuncia una seconda stagione teatrale, per la regia di Michaela Berlini, che inizier\u00e0 a novembre 2019 e si prolungher\u00e0 per tutto il 2020.<\/p>\n<p>Il produttore esecutivo \u00e8 <strong>Cristina Trotta<\/strong>.<\/p>\n<p>Il team creativo, ispirato da nuova vena artistica \u00e8 lo stesso della passata stagione.<\/p>\n<p>Le coreografie dinamiche e moderne sono di <strong>Gail Richardson<\/strong>.<\/p>\n<p>La scenografia di <strong>Colin Mayes<\/strong>.<\/p>\n<p>La direzione artistica e il vocal coaching di <strong>Valentina Ferrari<\/strong>, la direzione musicale di Riccardo Di Paola, la direzione vocale di <strong>Antonio Torella<\/strong>.<\/p>\n<p>Il nuovo disegno luci \u00e8 di <strong>Francesco Vignati<\/strong>,<\/p>\n<p><strong>Luca Colombo<\/strong> \u00e8 il sound designer e il sound engineer<\/p>\n<p>I costumi sono affidati alle abili mani di <strong>Nunzia Aceto<\/strong> e il trucco alla creativit\u00e0 di <strong>Maurizio Roveroni<\/strong><\/p>\n<p>Per questa nuova stagione del musical, Il cast, composto da talentuosi cantanti-attori, ha due nuovi protagonisti.<\/p>\n<p>Scaramouche sar\u00e0 Martha Rossi che nel 2009 in occasione della prima edizione italiana di We Will Rock You, venne scelta e voluta, per questo ruolo da Brian May in persona.<\/p>\n<p>Brian May non \u00e8 stato l\u2019unico a notare le strepitose doti canore di Martha: anche Edoardo Bennato la volle per interpretare il ruolo di Wendy in \u201cPeter Pan il Musical\u201d, ruolo che ha mantenuto per ben 10 anni, riscuotendo grandissimo successo ottenendo numerosi riconoscimenti, tra cui, nell\u2019estate 2019, il Premio Persefone come \u201cMiglior Attrice di Musical\u201d proprio per \u201cPeter Pan\u201d.<\/p>\n<p>Galileo avr\u00e0 il volto e la voce di Luca Marconi.<\/p>\n<p>Performer a tutto tondo, cantante, songwriter, musicista e attore.<\/p>\n<p>Tra i numerosi progetti, \u201cNotre Dame de Paris\u201d di Riccardo Cocciante (\u00e8 nel cast dal 2011 al 2017 per tour nazionali e internazionali), nello show rock sinfonico \u201cQueen at the Opera\u201d, in \u201cMim\u00ec \u00e8 una civetta\u201d, (riadattamento in chiave moderna della \u201cBoh\u00e8me\u201d), dove interpreta Rodolfo e in \u201cOtello \u2013 l\u2019ultimo bacio\u201d, diretto da Wayne Fowkes.<\/p>\n<p>Del cast dello scorso anno si vanta la conferma di Valentina Ferrari nel ruolo di Killer Queen, di Paolo Barillari nel ruolo del comandante Khashoggi, di Claudio Zanelli nei panni di Brit, di Loredana Fadda nelle vesti di Oz e di Massimiliano Colonna interprete di Pop.<\/p>\n<p>Dell\u2019ensemble, in gran parte rinnovato, fanno parte Giovanni Abbracciavento, Beatrice Berdini, Paolo Ciferri, Anna Foria, Alessandra Gregori, Martina Pezzoli, Gianluca Pilla e Marco Stella.<\/p>\n<p>Confermatissima la formazione della Band composta dai gi\u00e0 citati Riccardo di Paola, e Antonio Torella, rispettivamente prima e seconda tastiera, dalle chitarriste Roberta Raschell\u00e0 e Federica Pellegrinelli, dal bassista Alessandro Cassani e dal batterista Marco Parenti.<\/p>\n<p>La nuova stagione di We Will Rock You ripartir\u00e0 a novembre e andr\u00e0 in scena nelle principali citt\u00e0 italiane: Senigallia (31 ottobre e 1 novembre, Teatro La Fenice), Napoli (5 novembre, Teatro Augusteo), Bari (8 novembre, Teatro Team), Genova (12 e 13 novembre, Politeama Genovese), Parma (21 novembre, Teatro Regio), Padova (30 novembre, Gran Teatro Geox), Lugano (10 e 11 dicembre, LAC Lugano), Brescia (14 dicembre, Gran Teatro Morato), Sanremo (21 dicembre, Teatro Ariston), Varese (10 gennaio 2020, Teatro Openjobmetis), Legnano (17 gennaio, Teatro Galleria), Torino (24 e 25 gennaio, Teatro Colosseo), Roma (dal 28 gennaio al 2 febbraio, Teatro Brancaccio), Firenze (dal 7 al 9 febbraio, Teatro Verdi), Cosenza (12 febbraio, Teatro Rendano), Catania (14 febbraio, Teatro Metropolitan), Ascoli Piceno (18 e 19 febbraio, Teatro Ventidio Basso), Mestre (dal 25 febbraio all\u20191 marzo, Teatro Toniolo), Vicenza (4 e 5 marzo, Teatro Comunale) e Milano (dal 12 al 15, dal 18 al 22 marzo 2020, Teatro Ciak).<\/p>\n<p>I biglietti sono disponibili sui circuiti Ticketone.it, Vivaticket.it, Ticketmaster.it e sui siti dei singoli teatri.<\/p>\n<p>Lo spettacolo originale \u00e8 stato scritto e prodotto da Ben Elton, in collaborazione con Roger Taylor e Brian May.<\/p>\n<p>Le musiche e le canzoni sono quelle originali, cantate in lingua inglese e eseguite rigorosamente dal vivo da un\u2019eccezionale band formatasi per l\u2019occasione.<\/p>\n<p>L\u2019attenta rivisitazione e implementazione del testo originale, tradotto da Raffaella Rolla, a cura della Regista Michaela Berlini, del Direttore Artistico e Vocale Valentina Ferrari e del Produttore Claudio Trotta hanno conferito allo show motivi di gradimento e interesse da parte di un pubblico estremamente transgenerazionale, valorizzando i contenuti e evidenziando l\u2019attualit\u00e0 di temi quali il bullismo, l\u2019istruzione, il riscaldamento globale, l\u2019omologazione culturale e oppressiva presenza quotidiana della rete nella vita di tutti.<\/p>\n<p>Partner ufficiale della nuova stagione di We Will Rock You sar\u00e0 Save the Children, l\u2019Organizzazione internazionale che da 100 anni lotta per salvare i bambini a rischio e garantire loro un futuro. We Will Rock You sosterr\u00e0 infatti la campagna \u201cIlluminiamo il futuro\u201d lanciata da Save the Children per contrastare la povert\u00e0 educativa che colpisce i bambini e i ragazzi nel nostro Paese, anche attraverso una rete di 24 Punti Luce in tutta Italia per garantire ai minori una vasta gamma di attivit\u00e0 educative gratuite. Durante tutte le tappe dello spettacolo saranno inoltre presenti i dialogatori dell\u2019Organizzazione per sensibilizzare sul tema i partecipanti e fornire loro utili informazioni sull\u2019intervento di Save the Children.<\/p>\n<p>Energizer \u00e8 riconfermato partner tecnico di We Will Rock You per la stagione 2019\/2020.<\/p>\n<p>TOUR 2019\/2020: DA NOVEMBRE NEI TEATRI ITALIANI<\/p>\n<p>QUESTE LE DATE ANNUNCIATE<\/p>\n<p>Senigallia 31 ottobre e 1 novembre, Teatro La Fenice<\/p>\n<p>Napoli 5 novembre, Teatro Augusteo<\/p>\n<p>Bari 8 novembre, Teatro Team<\/p>\n<p>Genova 12 e 13 novembre, Politeama Genovese<\/p>\n<p>Parma 21 novembre, Teatro Regio<\/p>\n<p>Padova 30 novembre, Gran Teatro Geox<\/p>\n<p>Lugano 10 e 11 dicembre, LAC Lugano<\/p>\n<p>Brescia 14 dicembre, Gran Teatro Morato<\/p>\n<p>Sanremo 21 dicembre, Teatro Ariston<\/p>\n<p>Varese 10 gennaio 2020, Teatro Openjobmetis<\/p>\n<p>Legnano 17 gennaio, Teatro Galleria<\/p>\n<p>Torino 24 e 25 gennaio, Teatro Colosseo<\/p>\n<p>Roma dal 28 gennaio al 2 febbraio, Teatro Brancaccio<\/p>\n<p>Firenze dal 7 al 9 febbraio, Teatro Verdi<\/p>\n<p>Cosenza 12 febbraio, Teatro Rendano<\/p>\n<p>Catania 14 febbraio, Teatro Metropolitan<\/p>\n<p>Ascoli Piceno 18 e 19 febbraio, Teatro Ventidio Basso<\/p>\n<p>Mestre dal 25 febbraio all\u20191 marzo, Teatro Toniolo<\/p>\n<p>Vicenza 4 e 5 marzo, Teatro Comunale<\/p>\n<p>Milano dal 12 al 15, dal 18 al 22 marzo, Teatro Ciak[\/vc_column_text][\/vc_column][\/vc_row]<\/p>\n<\/div>","protected":false},"excerpt":{"rendered":"<p>[vc_row][vc_column][vc_column_text]Nell\u2019aprile 2019, dopo un tour di grande successo di pubblico e critica, che ha registrato circa 65.000 spettatori paganti nelle 56 repliche che hanno toccato da nord a sud le principali citt\u00e0 italiane, si \u00e8 conclusa la prima stagione teatrale di We Will Rock You, lo spettacolo con le canzoni dei Queen. Le vicende di&hellip;<\/p>\n","protected":false},"author":1,"featured_media":28,"comment_status":"closed","ping_status":"closed","sticky":false,"template":"","format":"standard","meta":{"footnotes":""},"categories":[1],"tags":[],"class_list":["post-95","post","type-post","status-publish","format-standard","has-post-thumbnail","hentry","category-uncategorized","category-1","description-off"],"_links":{"self":[{"href":"https:\/\/www.wewillrockyou-themusical.it\/index.php\/wp-json\/wp\/v2\/posts\/95","targetHints":{"allow":["GET"]}}],"collection":[{"href":"https:\/\/www.wewillrockyou-themusical.it\/index.php\/wp-json\/wp\/v2\/posts"}],"about":[{"href":"https:\/\/www.wewillrockyou-themusical.it\/index.php\/wp-json\/wp\/v2\/types\/post"}],"author":[{"embeddable":true,"href":"https:\/\/www.wewillrockyou-themusical.it\/index.php\/wp-json\/wp\/v2\/users\/1"}],"replies":[{"embeddable":true,"href":"https:\/\/www.wewillrockyou-themusical.it\/index.php\/wp-json\/wp\/v2\/comments?post=95"}],"version-history":[{"count":2,"href":"https:\/\/www.wewillrockyou-themusical.it\/index.php\/wp-json\/wp\/v2\/posts\/95\/revisions"}],"predecessor-version":[{"id":214,"href":"https:\/\/www.wewillrockyou-themusical.it\/index.php\/wp-json\/wp\/v2\/posts\/95\/revisions\/214"}],"wp:featuredmedia":[{"embeddable":true,"href":"https:\/\/www.wewillrockyou-themusical.it\/index.php\/wp-json\/wp\/v2\/media\/28"}],"wp:attachment":[{"href":"https:\/\/www.wewillrockyou-themusical.it\/index.php\/wp-json\/wp\/v2\/media?parent=95"}],"wp:term":[{"taxonomy":"category","embeddable":true,"href":"https:\/\/www.wewillrockyou-themusical.it\/index.php\/wp-json\/wp\/v2\/categories?post=95"},{"taxonomy":"post_tag","embeddable":true,"href":"https:\/\/www.wewillrockyou-themusical.it\/index.php\/wp-json\/wp\/v2\/tags?post=95"}],"curies":[{"name":"wp","href":"https:\/\/api.w.org\/{rel}","templated":true}]}}