{"id":92,"date":"2019-01-23T17:20:25","date_gmt":"2019-01-23T16:20:25","guid":{"rendered":"https:\/\/www.wewillrockyou-themusical.it\/?p=92"},"modified":"2019-10-28T12:10:49","modified_gmt":"2019-10-28T11:10:49","slug":"we-will-rock-you-il-calendario-della-nuova-stagione-aggiunge-una-nuova-tappa-a-mestre-2","status":"publish","type":"post","link":"https:\/\/www.wewillrockyou-themusical.it\/index.php\/2019\/01\/23\/we-will-rock-you-il-calendario-della-nuova-stagione-aggiunge-una-nuova-tappa-a-mestre-2\/","title":{"rendered":"La Queenmania sbarca a Parma: WE WILL ROCK YOU al Teatro Regio l\u201911 aprile!"},"content":{"rendered":"<p>Annunciata anche PARMA tra le date di We Will Rock You, la nuova edizione dello spettacolo con le canzoni immortali dei Queen, che con oltre 8 milioni di spettatori, 2700 performance e 12 anni consecutivi di repliche a Londra, \u00e8 considerato tra i musical pi\u00f9 rappresentati al mondo.<\/p>\n<p>Dopo una straordinaria partenza ad ottobre che ha portato al sold out in numerose citt\u00e0 italiane \u2013 l\u2019ultimo al Teatro Creberg di Bergamo lo scorso 18 gennaio \u2013 la nuova stagione del musical si arricchisce cos\u00ec di una nuova data: l\u201911 aprile arriver\u00e0 infatti al Teatro Regio di Parma, per oltre due ore e mezza di spettacolo, all\u2019insegna di 19 dei pi\u00f9 grandi successi dei Queen. I biglietti saranno disponibili in prevendita dalle ore 10 di gioved\u00ec 24 gennaio sui circuiti Ticketone, Vivaticket e presso Arci Parma.<\/p>\n<p>We Will Rock You \u00e8 stato prodotto nella versione originale da Ben Elton, in collaborazione con Roger Taylor e Brian May. In Italia, grazie soprattutto al lavoro e alla credibilit\u00e0 della Barley Arts, il musical, dopo il grande successo della sua prima edizione nel 2009, \u00e8 stato riproposto in una nuovissima produzione \u2013 messa in scena da un nuovo cast e concepita appositamente per il nostro Paese da Claudio Trotta.<\/p>\n<p>Il tour italiano proseguir\u00e0 per tutto il 2019: Milano (dal 31 gennaio al 3 febbraio; dal 7 al 10 febbraio; dal 14 al 17 febbraio, Teatro Ciak), Genova (dal 21 al 23 febbraio, Politeama Genovese), Roma (dal 27 febbraio al 3 marzo, Teatro Brancaccio), Napoli (il 5 marzo, Teatro Augusteo), Catanzaro (il 9 marzo, Teatro Politeama), Reggio Calabria (l\u201911 marzo, Teatro Cilea), Catania, (il 13 marzo, Teatro Metropolitan), Bari (il 16 e il 17 marzo, Teatro Team), Firenze (dal 22 al 24 marzo, Teatro Verdi), Padova (29 marzo, Gran Teatro Geox), Torino (il 5 e il 6 aprile, Teatro Colosseo), Gorizia (il 9 aprile, Teatro Verdi) e Parma (11 aprile, Teatro Regio). Il calendario completo e aggiornato \u00e8 disponibile al sito ufficiale https:\/\/www.wewillrockyou-themusical.it\/date-3\/.<\/p>\n<p>Le musiche e le canzoni sono quelle originali, eseguite rigorosamente dal vivo da un\u2019eccezionale band formatasi per l\u2019occasione. Le canzoni sono cantate in lingua inglese mantenendo l\u2019adattamento dei testi concepiti per il musical. La regia di Tim Luscombe e l\u2019attenta rivisitazione e implementazione del testo originale a cura di Michaela Berlini, del Direttore Artistico Valentina Ferrari e del Produttore Claudio Trotta conferiscono allo show motivi sempre nuovi di interesse per un pubblico estremamente transgenerazionale, valorizzando i contenuti e evidenziando l\u2019attualit\u00e0 di temi quali il bullismo e l\u2019oppressiva presenza quotidiana della rete nella vita di tutti.<\/p>\n<p>L\u2019allestimento scenografico \u00e8 completamente nuovo, frutto dell\u2019immaginazione di Colin Mayes, mentre a creare dinamicit\u00e0 e azione le moderne, dinamiche e sorprendenti Coreografie ideate e curate da Gail Richardson. La Direzione Artistica e il Vocal Coaching sono affidati a Valentina Ferrari, mentre Riccardo Di Paola \u00e8 alla Direzione Musicale, Antonio Torella alla Direzione Vocale e Michaela Berlini l\u2019assistente alla regia e acting coach.<\/p>\n<p>Sul palco un cast composto da talentuosi cantanti-attori, selezionati al termine di audizioni che hanno registrato un\u2019enorme partecipazione, con candidati provenienti da tutta Italia. Salvo Vinci \u00e8 stato scelto nuovamente per il ruolo di Galileo e Alessandra Ferrari per quello di Scaramouche. Valentina Ferrari \u00e8 ancora Killer Queen, mentre Paolo Barillari \u00e8 Khashoggi. Claudio Zanelli interpreta Brit.<br \/>\nPresenti anche nel cast del 2008\/2009 Loredana Fadda che interpreta Oz e Massimiliano Colonna che veste i panni di Pop.<\/p>\n<p>La traduzione dello script \u00e8 di Raffaella Rolla, mentre l\u2019adattamento e l\u2019aggiornamento del testo originale sono a cura di Michaela Berlini, Valentina Ferrari e Claudio Trotta.<\/p>\n<p>Cristina Trotta il Produttore Esecutivo, Andrea Manara \u00e8 il direttore di produzione e Camilla Maffezzoli la company manager.<\/p>\n<p>Energizer \u00e8 partner tecnico di We Will Rock You per la stagione 2018\/2019.<\/p>\n<p>\u201cWE WILL ROCK YOU\u201d<br \/>\nPARMA, TEATRO REGIO, str. Giuseppe Garibaldi, 16\/A 43121<br \/>\nGioved\u00ec 11 aprile<\/p>\n<p>Biglietti disponibili dalle ore 10 di gioved\u00ec 24 gennaio sul circuito Ticketone, Vivaticket e presso Arci Parma (via Testi, 4 \u2013 Parma).<\/p>\n<p>Infoline: biglietteria@teatroregioparma.it; tel: (+39) 0521 203999<br \/>\nArci Parma \u2013 Caos Organizzazione Spettacoli: 0521\/706214<\/p>\n<p>Prezzi biglietti:<br \/>\nPlatea: \u20ac 60,00 + prev.<br \/>\nPalchi Centrali 1\u00b0 prezzo: \u20ac 50,00 + prev.<br \/>\nPalchi Centrali 2\u00b0 prezzo: \u20ac 40,00 + prev.<br \/>\nPalchi Centrali 3\u00b0 prezzo: \u20ac 25,00 + prev.<br \/>\nPalchi Intermedi 1\u00b0 prezzo: \u20ac 50,00 + prev.<br \/>\nPalchi Intermedi 2\u00b0 prezzo: \u20ac 32,20 + prev.<br \/>\nPalchi Intermedi 3\u00b0 prezzo: \u20ac 20,00 + prev.<br \/>\nPalchi Laterali 1\u00b0 prezzo: \u20ac 45,20 + prev.<br \/>\nPalchi Laterali 2\u00b0 prezzo: \u20ac 32,20 + prev.<br \/>\nPalchi Laterali 3\u00b0 prezzo: \u20ac 20,00 + prev.<br \/>\nGalleria: \u20ac 28,30 + prev.<br \/>\nGalleria in piedi: \u20ac 14,80 + prev.<\/p>\n","protected":false},"excerpt":{"rendered":"<p>Annunciata anche PARMA tra le date di We Will Rock You, la nuova edizione dello spettacolo con le canzoni immortali dei Queen, che con oltre 8 milioni di spettatori, 2700 performance e 12 anni consecutivi di repliche a Londra, \u00e8 considerato tra i musical pi\u00f9 rappresentati al mondo. Dopo una straordinaria partenza ad ottobre che&hellip;<\/p>\n","protected":false},"author":1,"featured_media":28,"comment_status":"closed","ping_status":"closed","sticky":false,"template":"","format":"standard","meta":{"footnotes":""},"categories":[1],"tags":[],"class_list":["post-92","post","type-post","status-publish","format-standard","has-post-thumbnail","hentry","category-uncategorized","category-1","description-off"],"_links":{"self":[{"href":"https:\/\/www.wewillrockyou-themusical.it\/index.php\/wp-json\/wp\/v2\/posts\/92","targetHints":{"allow":["GET"]}}],"collection":[{"href":"https:\/\/www.wewillrockyou-themusical.it\/index.php\/wp-json\/wp\/v2\/posts"}],"about":[{"href":"https:\/\/www.wewillrockyou-themusical.it\/index.php\/wp-json\/wp\/v2\/types\/post"}],"author":[{"embeddable":true,"href":"https:\/\/www.wewillrockyou-themusical.it\/index.php\/wp-json\/wp\/v2\/users\/1"}],"replies":[{"embeddable":true,"href":"https:\/\/www.wewillrockyou-themusical.it\/index.php\/wp-json\/wp\/v2\/comments?post=92"}],"version-history":[{"count":2,"href":"https:\/\/www.wewillrockyou-themusical.it\/index.php\/wp-json\/wp\/v2\/posts\/92\/revisions"}],"predecessor-version":[{"id":216,"href":"https:\/\/www.wewillrockyou-themusical.it\/index.php\/wp-json\/wp\/v2\/posts\/92\/revisions\/216"}],"wp:featuredmedia":[{"embeddable":true,"href":"https:\/\/www.wewillrockyou-themusical.it\/index.php\/wp-json\/wp\/v2\/media\/28"}],"wp:attachment":[{"href":"https:\/\/www.wewillrockyou-themusical.it\/index.php\/wp-json\/wp\/v2\/media?parent=92"}],"wp:term":[{"taxonomy":"category","embeddable":true,"href":"https:\/\/www.wewillrockyou-themusical.it\/index.php\/wp-json\/wp\/v2\/categories?post=92"},{"taxonomy":"post_tag","embeddable":true,"href":"https:\/\/www.wewillrockyou-themusical.it\/index.php\/wp-json\/wp\/v2\/tags?post=92"}],"curies":[{"name":"wp","href":"https:\/\/api.w.org\/{rel}","templated":true}]}}