{"id":710,"date":"2025-10-16T10:11:57","date_gmt":"2025-10-16T08:11:57","guid":{"rendered":"https:\/\/www.wewillrockyou-themusical.it\/?p=710"},"modified":"2026-02-09T17:42:20","modified_gmt":"2026-02-09T16:42:20","slug":"we-will-rock-you-un-cast-rinnovato-per-la-nuova-edizione-in-partenza-a-dicembre","status":"publish","type":"post","link":"https:\/\/www.wewillrockyou-themusical.it\/index.php\/2025\/10\/16\/we-will-rock-you-un-cast-rinnovato-per-la-nuova-edizione-in-partenza-a-dicembre\/","title":{"rendered":"WE WILL ROCK YOU, un cast rinnovato per la nuova edizione in partenza a dicembre!"},"content":{"rendered":"<p style=\"font-weight: 400;\">Dopo il successo delle passate stagioni, <em><strong>We Will Rock You <\/strong><\/em><em>torna in scena con un\u2019energia rinnovata, pronto a far vivere al pubblico un\u2019esperienza coinvolgente e pi\u00f9 attuale che mai.<\/em> Questa nuova attesissima tourn\u00e9e porter\u00e0 l\u2019energia e la magia dei <strong>Queen<\/strong> nei teatri delle principali citt\u00e0 italiane a partire da dicembre 2025 fino alla primavera del 2026.<\/p>\n<p style=\"font-weight: 400;\">Scritto da <strong>Ben Elton<\/strong> in collaborazione con <strong>Roger Taylor<\/strong> e <strong>Brian May<\/strong>, <strong><em>We Will Rock You<\/em><\/strong> \u00e8 ormai un cult del teatro musicale contemporaneo: una storia che racconta la conquista della libert\u00e0 attraverso le canzoni immortali dei Queen, <strong>cantate in lingua originale e suonate rigorosamente dal vivo<\/strong>, che diventano colonna sonora e anima di un allestimento travolgente che unisce spettacolarit\u00e0, sogno, potenza e ironia.<\/p>\n<p style=\"font-weight: 400;\">Ambientato in un futuro distopico dove l\u2019omologazione ha soffocato ogni forma di creativit\u00e0, la musica, e con essa la libert\u00e0 di essere s\u00e9 stessi, \u00e8 stata cancellata, un gruppo di ribelli, i Bohemians, \u00e8 pronto a sfidare il sistema per riportare in vita il rock e la libert\u00e0 di espressione al grido di <em>We will Rock You<\/em>.<\/p>\n<p style=\"font-weight: 400;\">La storia e le canzoni dei Queen si fondono in un racconto potente e attuale, un inno alla <strong>musica come forza rivoluzionaria e simbolo di una visione condivisa<\/strong>, capace di aprire la strada a un futuro pi\u00f9 umano e autentico.<\/p>\n<p style=\"font-weight: 400;\">I fili conduttori che attraversano <em>We Will Rock You<\/em>, <strong>ribellione, sogno, coraggio, identit\u00e0<\/strong>, trovano nella <strong>forza della musica<\/strong> il loro motore trainante.<\/p>\n<p style=\"font-weight: 400;\">\u00c8 la musica che tiene viva la memoria, alimenta la rivoluzione e d\u00e0 voce a chi vuole cambiare il mondo.<\/p>\n<p style=\"font-weight: 400;\"><em>We Will Rock You<\/em> \u00e8 pi\u00f9 di un musical, \u00e8 un <strong>rito collettivo<\/strong>, un evento rock che fa vibrare platee intere con energia ed emozione, trasformando la voglia di libert\u00e0 in un\u2019esperienza da vivere e condividere.<\/p>\n<h3><strong>UN CAST STRAORDINARIO, UNA BAND POTENTE, UNA NUOVA VISIONE<\/strong><\/h3>\n<p style=\"font-weight: 400;\">Il nuovo tour vedr\u00e0 un <strong>cast rinnovato di grandi interpreti<\/strong> per quella che si preannuncia come <strong>l\u2019esperienza musicale pi\u00f9 entusiasmante dell\u2019anno<\/strong>.<\/p>\n<p style=\"font-weight: 400;\">L\u2019irrequieto e tormentato <strong>Galileo<\/strong>, affamato di verit\u00e0, sar\u00e0 interpretato da <strong>Giorgio Adamo<\/strong>; <strong>Asia Retico<\/strong>vestir\u00e0 i panni della spumeggiante <strong>Scaramouche<\/strong>; <strong>Giada Maragno<\/strong> sar\u00e0 la spietata <strong>Killer Queen<\/strong>, mentre <strong>Davide Bonafini<\/strong> e <strong>Francesco Cazzolla<\/strong> daranno vita rispettivamente al sadico <strong>Khashoggi<\/strong> e al determinato capo dei ribelli <strong>Brit<\/strong>.<\/p>\n<p style=\"font-weight: 400;\">Torner\u00e0 sul palco <strong>Alessandra Ferrari<\/strong>, gi\u00e0 protagonista nelle precedenti edizioni, ora di nuovo nei panni della carismatica <strong>Oz<\/strong>, mentre <strong>Massimiliano Colonna<\/strong>, presente nello spettacolo sin dal 2008, interpreter\u00e0 ancora una volta l\u2019iconico <strong>Pop<\/strong>.<\/p>\n<p style=\"font-weight: 400;\">Il grintoso <strong>ensemble<\/strong>, che alterna i ruoli dei Yesmen e Yeswomen di Killer Queen e dei ribelli Bohemians, sar\u00e0 composto da <strong>Monica Ruggeri, Davide Tagliento, Giulia Gerola, Erica Mariniello, Emily Riva, Mirco Di Santo, Alessandro Savino e Gian Maria Picciau.<\/strong><\/p>\n<h3><strong>UNA BAND CHE FA TREMARE IL PALCO<\/strong><\/h3>\n<p style=\"font-weight: 400;\">L\u2019anima musicale dello show \u00e8 affidata a una <strong>band di musicisti eccezionali<\/strong>, che trasforma ogni scena in un\u2019esplosione di energia e libert\u00e0: alla direzione e alle tastiere <strong>Riccardo Di Paola<\/strong>, alla seconda tastiera <strong>Antonio Torella<\/strong>, alle chitarre le due \u201cstelle\u201d <strong>Roberta Raschell\u00e0<\/strong> e <strong>Federica Pellegrinelli<\/strong>, al basso il ritorno di <strong>Alessandro Cassani<\/strong> e alla batteria la new entry <strong>Martino Malacrida<\/strong>.<\/p>\n<h3><strong>UNA REGIA CHE PARLA AL PRESENTE<\/strong><\/h3>\n<p style=\"font-weight: 400;\">La <strong>regia e l\u2019adattamento<\/strong> del testo originale sono firmati da <strong>Michaela Berlini<\/strong>, che rinnova lo spettacolo attualizzando i dialoghi e i riferimenti, rendendo la storia ancora pi\u00f9 vicina al nostro tempo, pur mantenendo intatto il suo spirito distopico e ironico.<br \/>\nLa <strong>produzione esecutiva<\/strong> \u00e8 di <strong>Cristina Trotta<\/strong>.<\/p>\n<p style=\"font-weight: 400;\"><strong>PI\u00d9 DI UNO SPETTACOLO, UNA RIVOLUZIONE ROCK<\/strong><\/p>\n<p style=\"font-weight: 400;\">We Will Rock You \u00e8 uno dei musical pi\u00f9 amati e rivoluzionari di sempre! UNA STORIA SENZA TEMPO, Un viaggio emozionante dove ogni spettatore pu\u00f2 ritrovare se stesso e il proprio spirito ribelle. In <strong><em>We Will Rock You<\/em><\/strong>, la ribellione non \u00e8 solo contro un regime: \u00e8 contro tutto ci\u00f2 che spegne la creativit\u00e0 e rende il mondo sterile. \u00c8 un invito a celebrare l\u2019unicit\u00e0 di ciascuno e a costruire insieme un futuro pi\u00f9 equo, pi\u00f9 umano, pi\u00f9 vero.<\/p>\n<p style=\"font-weight: 400;\"><strong>Il futuro non si subisce, si conquista. A ritmo di rock!<\/strong><\/p>\n<p style=\"font-weight: 400;\"><strong>Virgin Radio<\/strong>\u00a0\u00e8 la radio ufficiale del tour italiano 2025 \/ 2026.<\/p>\n<p style=\"font-weight: 400;\"><strong>Energizer<\/strong>\u00a0\u00e8 partner tecnico dello spettacolo.<\/p>\n<p style=\"font-weight: 400; text-align: center;\"><strong>WE WILL ROCK YOU 2025-2026<\/strong><\/p>\n<p style=\"font-weight: 400; text-align: center;\"><strong>-Il calendario completo-<\/strong><\/p>\n<p style=\"font-weight: 400; text-align: center;\"><em>\u00a0<\/em><\/p>\n<p style=\"font-weight: 400; text-align: center;\"><strong>V<\/strong><strong>enerd\u00ec 12 e Sabato 13 Dicembre 2025<\/strong> \u2013 <strong>GORGONZOLA (MI)<\/strong> \u2013 Sala Argentia Cinema Teatro <em>(DATE ZERO) | <\/em><a href=\"https:\/\/www.ticketone.it\/artist\/we-will-rock-you\/\">Ticketone<\/a><br \/>\n<strong>Venerd\u00ec 19 Dicembre 2025<\/strong> \u2013 <strong>MODENA<\/strong> \u2013 Teatro Comunale Pavarotti-Freni | <em>In vendita dal 22 novembre<br \/>\n<\/em><strong>Da Marted\u00ec 30 Dicembre 2025 a Gioved\u00ec 1 Gennaio 2026<\/strong> \u2013 <strong>TRIESTE<\/strong> \u2013 Il Rossetti | <a href=\"https:\/\/www.ticketone.it\/artist\/we-will-rock-you\/\">Ticketone<\/a> \/ <a href=\"https:\/\/www.vivaticket.com\/it\">Vivaticket<\/a><br \/>\n<strong>Sabato 10 Gennaio 2026<\/strong> \u2013 <strong>BRESCIA<\/strong> \u2013 Teatro Clerici | <a href=\"https:\/\/www.ticketone.it\/artist\/we-will-rock-you\/\">Ticketone<\/a> \/ <a href=\"https:\/\/shop.ticketmaster.it\/biglietti\/we-will-rock-you-10-gennaio-2026-teatro-clerici-brescia-13911.html\">Ticketmaster<\/a><\/p>\n<p style=\"font-weight: 400; text-align: center;\"><strong>Ven 16-Dom 18 Gennaio 2026 \u2013 TORINO<\/strong> \u2013 Teatro Colosseo | <a href=\"https:\/\/www.ticketone.it\/artist\/we-will-rock-you\/\">Ticketone<\/a><\/p>\n<p style=\"font-weight: 400; text-align: center;\"><strong>Domenica 25 Gennaio 2026<\/strong> \u2013 <strong>CREMONA<\/strong> \u2013 Gran Teatro Infinity1 | <a href=\"https:\/\/www.ticketone.it\/artist\/we-will-rock-you\/\">Ticketone<\/a><\/p>\n<p style=\"font-weight: 400; text-align: center;\"><strong>Ven 30 Gennaio 2026 \u2013 MONTECATINI (PT)<\/strong> \u2013 Teatro Verdi | <a href=\"https:\/\/www.ticketone.it\/artist\/we-will-rock-you\/\">Ticketone<\/a><\/p>\n<p style=\"font-weight: 400; text-align: center;\"><strong>Sab 7 Febbraio 2026 \u2013 VARESE <\/strong>\u2013 Teatro di Varese | <a href=\"https:\/\/www.ticketone.it\/artist\/we-will-rock-you\/\">Ticketone<\/a><\/p>\n<p style=\"font-weight: 400; text-align: center;\"><strong>Gioved\u00ec 12 Febbraio 2026<\/strong> \u2013 <strong>PADOVA<\/strong> \u2013 Gran Teatro Geox | <a href=\"https:\/\/www.ticketone.it\/artist\/we-will-rock-you\/\">Ticketone<\/a> \/ <a href=\"https:\/\/shop.ticketmaster.it\/biglietti\/we-will-rock-you-12-febbraio-2026-gran-teatro-geox-padova-13909.html\">Ticketmaster<\/a><\/p>\n<p style=\"font-weight: 400; text-align: center;\"><strong>Gio 19 Febbraio 2026 \u2013 LEGNANO (MI)<\/strong> \u2013 Teatro Cinema Galleria | <a href=\"https:\/\/www.ticketone.it\/artist\/we-will-rock-you\/\">Ticketone<\/a><\/p>\n<p style=\"font-weight: 400; text-align: center;\"><strong>Sab 21 Febbraio 2026 \u2013 BERGAMO<\/strong> \u2013 ChorusLife Arena | <a href=\"https:\/\/www.ticketone.it\/artist\/we-will-rock-you\/\">Ticketone<\/a><\/p>\n<p style=\"font-weight: 400; text-align: center;\"><strong>Mer 25 Febbraio-Dom 1\u00b0 Marzo 2026<\/strong> <strong>\u2013 ROMA<\/strong> \u2013 Teatro Olimpico | <a href=\"https:\/\/www.ticketone.it\/artist\/we-will-rock-you\/\">Ticketone<\/a><\/p>\n<p style=\"font-weight: 400; text-align: center;\"><strong>Mar 3 Marzo 2026 \u2013 NAPOLI<\/strong> \u2013 Teatro Augusteo | <a href=\"https:\/\/www.ticketone.it\/artist\/we-will-rock-you\/\">Ticketone<\/a><\/p>\n<p style=\"font-weight: 400; text-align: center;\"><strong>Ven 6 Marzo 2026 \u2013 LECCE<\/strong> \u2013 Teatro Politeama Greco | <a href=\"https:\/\/www.ticketone.it\/artist\/we-will-rock-you\/\">Ticketone<\/a> \/ <a href=\"https:\/\/www.vivaticket.com\/it\/ticket\/we-will-rock-you\/267020\">Vivaticket<\/a><\/p>\n<p style=\"font-weight: 400; text-align: center;\"><strong>Dom 8 Marzo 2026 \u2013 BARI<\/strong> \u2013 Palatour | <a href=\"https:\/\/www.ticketone.it\/artist\/we-will-rock-you\/\">Ticketone<\/a><\/p>\n<p style=\"font-weight: 400; text-align: center;\"><strong>Gioved\u00ec 12 Marzo 2026<\/strong> \u2013 <strong>ASSISI (PG)<\/strong> \u2013 Teatro Lyrick | <a href=\"https:\/\/www.ticketone.it\/artist\/we-will-rock-you\/\">Ticketone<\/a> \/ <a href=\"https:\/\/ticketitalia.com\/we-will-rock-you?search=we%20will%20rock%20you\">Ticket Italia<\/a><\/p>\n<p style=\"font-weight: 400; text-align: center;\">\u00a0<strong>Sabato 14 Marzo 2026<\/strong> \u2013 <strong>LOCARNO (SVIZZERA)<\/strong> \u2013 PalaExpo | <a href=\"https:\/\/www.seetickets.com\/\">See Tickets<\/a><em> \/ <\/em><a href=\"https:\/\/biglietteria.ch\/\">Biglietteria.ch<\/a><\/p>\n<p style=\"font-weight: 400; text-align: center;\"><strong>Ven 20 Marzo 2026 \u2013 BASSANO DEL GRAPPA (VI)<\/strong> \u2013 CMP Arena | <a href=\"https:\/\/www.ticketone.it\/artist\/we-will-rock-you\/\">Ticketone<\/a> \/ <a href=\"https:\/\/www.vivaticket.com\/it\/ticket\/we-will-rock-you\/266789\">Vivaticket<\/a><\/p>\n<p style=\"font-weight: 400; text-align: center;\"><strong>Marted\u00ec 24 e Mercoled\u00ec 25 Marzo 2026<\/strong> \u2013 <strong>FERRARA<\/strong> \u2013 Teatro Comunale di Ferrara | <a href=\"https:\/\/www.vivaticket.com\/it\/ticket\/we-will-rock-you\/269788\">Vivaticket<\/a><\/p>\n<p style=\"font-weight: 400; text-align: center;\"><strong>Ven 27-Dom 29 Marzo 2026 \u2013 GENOVA<\/strong> \u2013 Politeama Genovese | <a href=\"https:\/\/www.ticketone.it\/artist\/we-will-rock-you\/\">Ticketone<\/a><\/p>\n<p style=\"font-weight: 400; text-align: center;\"><strong>Mercoled\u00ec 1 e Gioved\u00ec 2 Aprile 2026<\/strong> \u2013 <strong>BOLOGNA<\/strong> \u2013 Teatro EuropAuditorium | <a href=\"https:\/\/www.ticketone.it\/artist\/we-will-rock-you\/\">Ticketone<\/a> \/ <a href=\"https:\/\/www.vivaticket.com\/it\/ticket\/we-will-rock-you\/279016\">Vivaticket<\/a><\/p>\n<p style=\"font-weight: 400; text-align: center;\"><strong>Gio 9-Dom 19 Aprile 2026 \u2013 MILANO<\/strong> \u2013 Teatro Nazionale Italiana Assicurazioni | <a href=\"https:\/\/www.ticketone.it\/artist\/we-will-rock-you\/\">Ticketone<\/a><\/p>\n<p style=\"font-weight: 400; text-align: center;\"><strong>BIGLIETTI DISPONIBILI ORA!<\/strong><\/p>\n<p style=\"font-weight: 400; text-align: center;\">NON PERDERE L\u2019OCCASIONE DI FAR PARTE DELLA LEGGENDA<\/p>\n<p style=\"font-weight: 400; text-align: center;\">PRENDI IL POSTO NELLA RIVOLUZIONE ROCK!<\/p>\n","protected":false},"excerpt":{"rendered":"<p>Dopo il successo delle passate stagioni, We Will Rock You torna in scena con un\u2019energia rinnovata, pronto a far vivere al pubblico un\u2019esperienza coinvolgente e pi\u00f9 attuale che mai. Questa nuova attesissima tourn\u00e9e porter\u00e0 l\u2019energia e la magia dei Queen nei teatri delle principali citt\u00e0 italiane a partire da dicembre 2025 fino alla primavera del&hellip;<\/p>\n","protected":false},"author":2,"featured_media":673,"comment_status":"closed","ping_status":"closed","sticky":false,"template":"","format":"standard","meta":{"footnotes":""},"categories":[1],"tags":[],"class_list":["post-710","post","type-post","status-publish","format-standard","has-post-thumbnail","hentry","category-uncategorized","category-1","description-off"],"_links":{"self":[{"href":"https:\/\/www.wewillrockyou-themusical.it\/index.php\/wp-json\/wp\/v2\/posts\/710","targetHints":{"allow":["GET"]}}],"collection":[{"href":"https:\/\/www.wewillrockyou-themusical.it\/index.php\/wp-json\/wp\/v2\/posts"}],"about":[{"href":"https:\/\/www.wewillrockyou-themusical.it\/index.php\/wp-json\/wp\/v2\/types\/post"}],"author":[{"embeddable":true,"href":"https:\/\/www.wewillrockyou-themusical.it\/index.php\/wp-json\/wp\/v2\/users\/2"}],"replies":[{"embeddable":true,"href":"https:\/\/www.wewillrockyou-themusical.it\/index.php\/wp-json\/wp\/v2\/comments?post=710"}],"version-history":[{"count":1,"href":"https:\/\/www.wewillrockyou-themusical.it\/index.php\/wp-json\/wp\/v2\/posts\/710\/revisions"}],"predecessor-version":[{"id":711,"href":"https:\/\/www.wewillrockyou-themusical.it\/index.php\/wp-json\/wp\/v2\/posts\/710\/revisions\/711"}],"wp:featuredmedia":[{"embeddable":true,"href":"https:\/\/www.wewillrockyou-themusical.it\/index.php\/wp-json\/wp\/v2\/media\/673"}],"wp:attachment":[{"href":"https:\/\/www.wewillrockyou-themusical.it\/index.php\/wp-json\/wp\/v2\/media?parent=710"}],"wp:term":[{"taxonomy":"category","embeddable":true,"href":"https:\/\/www.wewillrockyou-themusical.it\/index.php\/wp-json\/wp\/v2\/categories?post=710"},{"taxonomy":"post_tag","embeddable":true,"href":"https:\/\/www.wewillrockyou-themusical.it\/index.php\/wp-json\/wp\/v2\/tags?post=710"}],"curies":[{"name":"wp","href":"https:\/\/api.w.org\/{rel}","templated":true}]}}