{"id":661,"date":"2023-11-07T12:00:45","date_gmt":"2023-11-07T11:00:45","guid":{"rendered":"https:\/\/www.wewillrockyou-themusical.it\/?p=661"},"modified":"2023-11-07T11:46:27","modified_gmt":"2023-11-07T10:46:27","slug":"we-will-rock-you-sara-di-scena-anche-ad-aosta-e-prato","status":"publish","type":"post","link":"https:\/\/www.wewillrockyou-themusical.it\/index.php\/2023\/11\/07\/we-will-rock-you-sara-di-scena-anche-ad-aosta-e-prato\/","title":{"rendered":"WE WILL ROCK YOU sar\u00e0 di scena anche ad Aosta e Prato!"},"content":{"rendered":"<p>Il calendario di <strong>WE WILL ROCK YOU<\/strong> si arricchisce di due tappe ad <strong>Aosta<\/strong> (24 novembre, Teatro Splendor) e <strong>Prato <\/strong>(17 febbraio, Teatro Politeama Pratese).<\/p>\n<p><strong>I biglietti per la data di Aosta sono disponibili su Webtic, mentre quelli per Prato sul circuito Ticketone.<\/strong><\/p>\n<p><strong>WE WILL ROCK YOU<\/strong> \u00e8 uno degli spettacoli musicali pi\u00f9 rappresentati al mondo, scritto da <strong>Ben Elton<\/strong> insieme a <strong>Roger Taylor<\/strong> e <strong>Brian May<\/strong>, ha collezionato 35.000 presenze in 30 repliche nella prima parte del tour 2023, torner\u00e0 ora in Italia con nuove date nelle principali citt\u00e0. Un rinnovato gruppo di performer \u00e8 pronto a travolgere ancora una volta gli spettatori con tutta l\u2019energia dei <strong>brani dei Queen<\/strong><strong>, cantati in lingua originale e suonati rigorosamente live <\/strong>da un\u2019eccezionale band di sei musicisti, per oltre due ore e mezza di spettacolo. Coreografie esplosive, emozioni, risate trascineranno il pubblico al centro della storia, con la voglia di saltare sul palco per ballare insieme ai protagonisti.<\/p>\n<p><strong>Prodotto per l\u2019Italia da Claudio Trotta per Barley Arts<\/strong>, We Will Rock You si \u00e8 dimostrato un grande successo di pubblico e critica, capace ogni volta di rinnovarsi, grazie alla storia visionaria e attuale che porta in scena e a una galleria di indimenticabili personaggi. In un futuro distopico, in cui la musica \u00e8 stata bandita poich\u00e9 considerata dal potere pericolosa in quanto simbolo di unione e condivisione, un gruppo di persone molto diverse tra loro ma accomunate dalla voglia di resistere alle forze del conformismo, si ribellano e, alle prese con frustrazioni e sogni, combattono insieme per conquistare la possibilit\u00e0 di regalare a se stessi una vita diversa e un futuro migliore.<\/p>\n<p><strong>Cos\u00ec la regista Michaela Berlini presenta la nuova stagione dello spettacolo:<\/strong> \u201c<em>We will rock you anche quest\u2019anno avr\u00e0 il ritmo e l\u2019incisivit\u00e0 di sempre grazie alle meravigliose canzoni dei Queen che tessono il ritmo narrativo di tutta la storia e grazie alle voci incredibili degli artisti sul palco che sanno emozionare. La storia narrata in We will rock you cresce e si evolve insieme ai tempi che passano. Come in ogni edizione da me diretta, anche quest\u2019anno ci saranno dialoghi diversi, battute nuove, poich\u00e9 parte del testo \u00e8 stato nuovamente rivisitato per renderlo aderente alla realt\u00e0 in cui viviamo. I temi trattati, sono temi sui quali ci si interroga quotidianamente: accentramento del potere, controllo, differenza tra insegnamento e indottrinamento, omologazione attraverso la creazione di bisogni, algoritmi, intelligenza artificiale, social e come tutto ci\u00f2 si ripercuote nelle relazioni sociali. Ed ecco quindi, l\u2019egocentrismo sfrenato, il timore di esprimere s\u00e9 stessi perch\u00e9 ci si sente diversi, la paura del giudizio spesso cattivo e lapidario delle persone e ancora la paura del futuro, in relazione anche allo stato di salute del pianeta, ma per fortuna anche e soprattutto voglia di cambiare le cose, voglia di scappare dall\u2019omologazione attraverso la conoscenza, voglia di non essere isolati ma di stare insieme attraverso la musica. S\u00ec, perch\u00e9 in \u2018We will rock you\u2019 la vera protagonista \u00e8 la musica dal vivo, quella suonata con strumenti veri, quella che si fa insieme, simbolo di partecipazione e creativit\u00e0, elementi fondamentali da cui partire per generare un cambiamento. In questa chiave We Will Rock You non \u00e8 solo un titolo ma \u00e8 una promessa<\/em>\u201d.<\/p>\n<p><em>Di seguito la squadra al completo.<\/em><\/p>\n<p><strong>IL CAST<\/strong>: <strong>Alice Grasso<\/strong> vestir\u00e0 per la prima volta i panni di Scaramouche, mentre <strong>Paolo Barillari<\/strong> torner\u00e0 a interpretare Khashoggi. Sul palco ritroveremo poi: <strong>Damiano Borgi, <\/strong>Galileo; <strong>Natascia Fonzetti<\/strong>, Killer Queen; <strong>Oz<\/strong>, Alessandra Ferrari; <strong>Brit<\/strong>, Mattia Braghero; <strong>Pop<\/strong>, Massimiliano Colonna. Voce narrante: <strong>Massimo Cotto<\/strong>.<\/p>\n<p><strong>L\u2019ENSEMBLE<\/strong>: <strong>Claudio Cangialosi, Federico Colonnelli, Giulia Gerola, Lorenzo Longobardi, Emma Marcotulli, Monica Ruggeri, Beatrice Sartori, Davide Tagliento<\/strong>.<\/p>\n<p><strong>LA BAND<\/strong>: prima tastiera, <strong>Riccardo Di Paola<\/strong>; seconda tastiera, <strong>Antonio Torella<\/strong>; chitarre, <strong>Roberta Raschell\u00e0<\/strong> e <strong>Federica Pellegrinelli<\/strong>; basso, <b>Orazio Nicoletti<\/b>; batteria, <strong>Marco Parenti<\/strong>.<\/p>\n<p><strong>IL TEAM CREATIVO:<\/strong> produttore, <strong>Claudio Trotta<\/strong>; regia e adattamento testi, <strong>Michaela Berlini<\/strong>; produttore esecutivo, <strong>Cristina Trotta<\/strong>; direttore musicale, <strong>Riccardo Di Paola<\/strong>; direttore vocale, <strong>Antonio Torella<\/strong>; coreografie, <strong>Gail Richardson<\/strong>; scenografia, <strong>Colin Mayes<\/strong>; disegno luci, <strong>Francesco Vignati<\/strong>; costumi, <strong>Nunzia Aceto<\/strong>; trucco e parrucco, <strong>Claudia Frigatti<\/strong>; sound engineer, <strong>Luca Colombo<\/strong>; traduzione copione originale, <strong>Raffaella Rolla<\/strong>.<\/p>\n<p><strong>Virgin Radio<\/strong> si conferma radio ufficiale del tour italiano 2024. <strong>Energizer<\/strong> sar\u00e0 ancora una volta partner tecnico dello spettacolo.<\/p>\n","protected":false},"excerpt":{"rendered":"<p>Il calendario di WE WILL ROCK YOU si arricchisce di due tappe ad Aosta (24 novembre, Teatro Splendor) e Prato (17 febbraio, Teatro Politeama Pratese). I biglietti per la data di Aosta sono disponibili su Webtic, mentre quelli per Prato sul circuito Ticketone. WE WILL ROCK YOU \u00e8 uno degli spettacoli musicali pi\u00f9 rappresentati al&hellip;<\/p>\n","protected":false},"author":2,"featured_media":600,"comment_status":"closed","ping_status":"closed","sticky":false,"template":"","format":"standard","meta":{"footnotes":""},"categories":[1],"tags":[],"class_list":["post-661","post","type-post","status-publish","format-standard","has-post-thumbnail","hentry","category-uncategorized","category-1","description-off"],"_links":{"self":[{"href":"https:\/\/www.wewillrockyou-themusical.it\/index.php\/wp-json\/wp\/v2\/posts\/661","targetHints":{"allow":["GET"]}}],"collection":[{"href":"https:\/\/www.wewillrockyou-themusical.it\/index.php\/wp-json\/wp\/v2\/posts"}],"about":[{"href":"https:\/\/www.wewillrockyou-themusical.it\/index.php\/wp-json\/wp\/v2\/types\/post"}],"author":[{"embeddable":true,"href":"https:\/\/www.wewillrockyou-themusical.it\/index.php\/wp-json\/wp\/v2\/users\/2"}],"replies":[{"embeddable":true,"href":"https:\/\/www.wewillrockyou-themusical.it\/index.php\/wp-json\/wp\/v2\/comments?post=661"}],"version-history":[{"count":1,"href":"https:\/\/www.wewillrockyou-themusical.it\/index.php\/wp-json\/wp\/v2\/posts\/661\/revisions"}],"predecessor-version":[{"id":662,"href":"https:\/\/www.wewillrockyou-themusical.it\/index.php\/wp-json\/wp\/v2\/posts\/661\/revisions\/662"}],"wp:featuredmedia":[{"embeddable":true,"href":"https:\/\/www.wewillrockyou-themusical.it\/index.php\/wp-json\/wp\/v2\/media\/600"}],"wp:attachment":[{"href":"https:\/\/www.wewillrockyou-themusical.it\/index.php\/wp-json\/wp\/v2\/media?parent=661"}],"wp:term":[{"taxonomy":"category","embeddable":true,"href":"https:\/\/www.wewillrockyou-themusical.it\/index.php\/wp-json\/wp\/v2\/categories?post=661"},{"taxonomy":"post_tag","embeddable":true,"href":"https:\/\/www.wewillrockyou-themusical.it\/index.php\/wp-json\/wp\/v2\/tags?post=661"}],"curies":[{"name":"wp","href":"https:\/\/api.w.org\/{rel}","templated":true}]}}