{"id":623,"date":"2023-09-22T12:00:27","date_gmt":"2023-09-22T10:00:27","guid":{"rendered":"https:\/\/www.wewillrockyou-themusical.it\/?p=623"},"modified":"2023-11-07T12:15:45","modified_gmt":"2023-11-07T11:15:45","slug":"we-will-rock-you-sbarca-in-sicilia-appuntamento-a-ragusa-palermo-e-catania-a-gennaio","status":"publish","type":"post","link":"https:\/\/www.wewillrockyou-themusical.it\/index.php\/2023\/09\/22\/we-will-rock-you-sbarca-in-sicilia-appuntamento-a-ragusa-palermo-e-catania-a-gennaio\/","title":{"rendered":"WE WILL ROCK YOU sbarca in Sicilia: appuntamento a Ragusa, Palermo e Catania a gennaio!"},"content":{"rendered":"<p>L\u2019amore per un patrimonio musicale straordinario e intramontabile come quello dei Queen, l\u2019importanza della libert\u00e0 di pensiero, la volont\u00e0 di cambiare un destino che sembra gi\u00e0 scritto, il potere salvifico del Rock and Roll: tutto questo e molto altro \u00e8 <strong>WE WILL ROCK YOU<\/strong>, uno degli spettacoli musicali pi\u00f9 rappresentati al mondo, scritto da <strong>Ben Elton<\/strong>insieme a <strong>Roger Taylor<\/strong> e <strong>Brian May<\/strong>, che, dopo aver collezionato 35.000 presenze in 30 repliche nella prima parte del tour 2023, torner\u00e0 in Italia con nuove date nelle principali citt\u00e0. Un rinnovato gruppo di performer si sta preparando a travolgere ancora una volta gli spettatori con tutta l\u2019energia dei <strong>brani dei Queen<\/strong><strong>, cantati in lingua originale e suonati rigorosamente live <\/strong>da un\u2019eccezionale band di sei musicisti, per oltre due ore e mezza di spettacolo tra coreografie esplosive, emozioni e risate, per far riflettere sulla bellezza della vita. Quando tutto ormai sembra perduto, quando il mondo ormai funziona per schemi stabiliti e non lascia pi\u00f9 libert\u00e0 di espressione, arriva qualcuno e qualche cosa capace di rimescolare le carte, perch\u00e9 \u201cil futuro non \u00e8 scritto, il futuro dipende da tutti noi\u201d.<\/p>\n<p><strong>Prodotto per l\u2019Italia da Claudio Trotta per Barley Arts<\/strong> e <strong>per la regia di Michaela Berlini<\/strong>, We Will Rock You si \u00e8 dimostrato un grande successo di pubblico e critica, capace di rinnovarsi di stagione in stagione grazie alla storia visionaria e attuale che porta in scena e a una galleria di indimenticabili personaggi.<\/p>\n<p>In un futuro distopico dove la musica \u00e8 stata bandita poich\u00e9 considerata dal potere pericolosa in quanto simbolo unione e condivisione reale, un gruppo di persone molto diverse tra loro ma accomunati dalla voglia di resistere alle forze del conformismo, si ritrovano loro malgrado ad essere dei ribelli e, alle prese con frustrazioni e sogni, combattono insieme per conquistarsi la possibilit\u00e0 di regalare a se stessi una vita diversa e un futuro migliore.<\/p>\n<p>Alle repliche gi\u00e0 annunciate in alcune delle principali citt\u00e0 italiane, si aggiungono ora <strong>nuove date in Sicilia nel 2024<\/strong>: <strong>Ragusa<\/strong> (5 gennaio, Teatro Duemila); <strong>Palermo<\/strong> (7 gennaio, Teatro Golden); <strong>Catania<\/strong> (9 gennaio, Teatro Metropolitan).<\/p>\n<p><strong>I biglietti per le nuove date sono gi\u00e0 disponibili sui circuiti <\/strong><a href=\"https:\/\/www.ticketone.it\/artist\/we-will-rock-you\/\"><strong>Ticketone<\/strong><\/a><strong>, Ciaotickets e Boxoffice Sicilia.<\/strong><\/p>\n<p><em>Ecco la squadra al completo.<\/em><\/p>\n<p><strong>IL CAST<\/strong>: <strong>Alice Grasso<\/strong> vestir\u00e0 per la prima volta i panni di Scaramouche, mentre <strong>Paolo Barillari<\/strong> torner\u00e0 a interpretare Khashoggi. Sul palco ritroveremo poi: <strong>Damiano Borgi, <\/strong>Galileo; <strong>Natascia Fonzetti<\/strong>, Killer Queen; <strong>Oz<\/strong>, Alessandra Ferrari; <strong>Brit<\/strong>, Mattia Braghero; <strong>Pop<\/strong>, Massimiliano Colonna. Voce narrante: <strong>Massimo Cotto<\/strong>.<\/p>\n<p><strong>L\u2019ENSEMBLE<\/strong>: <strong>Claudio Cangialosi, Federico Colonnelli, Giulia Gerola, Lorenzo Longobardi, Emma Marcotulli, Monica Ruggeri, Beatrice Sartori, Davide Tagliento<\/strong>.<\/p>\n<p><strong>LA BAND<\/strong>: prima tastiera, <strong>Riccardo Di Paola<\/strong>; seconda tastiera, <strong>Antonio Torella<\/strong>; chitarre, <strong>Roberta Raschell\u00e0<\/strong> e <strong>Federica Pellegrinelli<\/strong>; basso, <strong>Alessandro Cassani<\/strong>; batteria, <strong>Marco Parenti<\/strong>.<\/p>\n<p><strong>IL TEAM CREATIVO:<\/strong> produttore, <strong>Claudio Trotta<\/strong>; regia e adattamento testi, <strong>Michaela Berlini<\/strong>; produttore esecutivo, <strong>Cristina Trotta<\/strong>; direttore musicale, <strong>Riccardo Di Paola<\/strong>; direttore vocale, <strong>Antonio Torella<\/strong>; coreografie, <strong>Gail Richardson<\/strong>; scenografia, <strong>Colin Mayes<\/strong>; disegno luci, <strong>Francesco Vignati<\/strong>; costumi, <strong>Nunzia Aceto<\/strong>; trucco e parrucco, <strong>Claudia Frigatti<\/strong>; sound engineer, <strong>Luca Colombo<\/strong>; traduzione copione originale, <strong>Raffaella Rolla<\/strong>.<\/p>\n<p><strong>Virgin Radio<\/strong> si conferma radio ufficiale del tour italiano 2024. <strong>Energizer<\/strong> sar\u00e0 ancora una volta partner tecnico dello spettacolo.<\/p>\n<p><strong>\u00a0<\/strong><\/p>\n<p><strong>WE WILL ROCK YOU 2023-2024 <\/strong><strong>NUOVE DATE<\/strong><strong>\u00a0<\/strong><\/p>\n<p><strong>PARMA<\/strong> |4 dicembre 2023, Teatro Regio<\/p>\n<p><strong>ROMA<\/strong> | dal 15 al 17 dicembre 2023, Teatro Olimpico<\/p>\n<p><strong>RAGUSA<\/strong> | 5 gennaio 2024, Teatro Duemila<\/p>\n<p><strong>PALERMO<\/strong> | 7 gennaio 2024, Teatro Golden<\/p>\n<p><strong>CATANIA<\/strong> | 9 gennaio 2024, Teatro Metropolitan<\/p>\n<p><strong>ANCONA<\/strong> |20 gennaio 2024, Teatro Le Muse<\/p>\n<p><strong>MILANO<\/strong> | dall\u20191 all\u201911 febbraio 2024, Teatro Nazionale CheBanca!<\/p>\n","protected":false},"excerpt":{"rendered":"<p>L\u2019amore per un patrimonio musicale straordinario e intramontabile come quello dei Queen, l\u2019importanza della libert\u00e0 di pensiero, la volont\u00e0 di cambiare un destino che sembra gi\u00e0 scritto, il potere salvifico del Rock and Roll: tutto questo e molto altro \u00e8 WE WILL ROCK YOU, uno degli spettacoli musicali pi\u00f9 rappresentati al mondo, scritto da Ben&hellip;<\/p>\n","protected":false},"author":2,"featured_media":600,"comment_status":"closed","ping_status":"closed","sticky":false,"template":"","format":"standard","meta":{"footnotes":""},"categories":[1],"tags":[],"class_list":["post-623","post","type-post","status-publish","format-standard","has-post-thumbnail","hentry","category-uncategorized","category-1","description-off"],"_links":{"self":[{"href":"https:\/\/www.wewillrockyou-themusical.it\/index.php\/wp-json\/wp\/v2\/posts\/623","targetHints":{"allow":["GET"]}}],"collection":[{"href":"https:\/\/www.wewillrockyou-themusical.it\/index.php\/wp-json\/wp\/v2\/posts"}],"about":[{"href":"https:\/\/www.wewillrockyou-themusical.it\/index.php\/wp-json\/wp\/v2\/types\/post"}],"author":[{"embeddable":true,"href":"https:\/\/www.wewillrockyou-themusical.it\/index.php\/wp-json\/wp\/v2\/users\/2"}],"replies":[{"embeddable":true,"href":"https:\/\/www.wewillrockyou-themusical.it\/index.php\/wp-json\/wp\/v2\/comments?post=623"}],"version-history":[{"count":2,"href":"https:\/\/www.wewillrockyou-themusical.it\/index.php\/wp-json\/wp\/v2\/posts\/623\/revisions"}],"predecessor-version":[{"id":667,"href":"https:\/\/www.wewillrockyou-themusical.it\/index.php\/wp-json\/wp\/v2\/posts\/623\/revisions\/667"}],"wp:featuredmedia":[{"embeddable":true,"href":"https:\/\/www.wewillrockyou-themusical.it\/index.php\/wp-json\/wp\/v2\/media\/600"}],"wp:attachment":[{"href":"https:\/\/www.wewillrockyou-themusical.it\/index.php\/wp-json\/wp\/v2\/media?parent=623"}],"wp:term":[{"taxonomy":"category","embeddable":true,"href":"https:\/\/www.wewillrockyou-themusical.it\/index.php\/wp-json\/wp\/v2\/categories?post=623"},{"taxonomy":"post_tag","embeddable":true,"href":"https:\/\/www.wewillrockyou-themusical.it\/index.php\/wp-json\/wp\/v2\/tags?post=623"}],"curies":[{"name":"wp","href":"https:\/\/api.w.org\/{rel}","templated":true}]}}