{"id":587,"date":"2023-01-11T11:00:43","date_gmt":"2023-01-11T10:00:43","guid":{"rendered":"https:\/\/www.wewillrockyou-themusical.it\/?p=587"},"modified":"2023-03-28T18:06:19","modified_gmt":"2023-03-28T16:06:19","slug":"we-will-rock-you-il-team-al-completo-in-attesa-del-debutto-a-milano-il-2-febbraio","status":"publish","type":"post","link":"https:\/\/www.wewillrockyou-themusical.it\/index.php\/2023\/01\/11\/we-will-rock-you-il-team-al-completo-in-attesa-del-debutto-a-milano-il-2-febbraio\/","title":{"rendered":"WE WILL ROCK YOU, il team al completo in attesa del debutto a Milano il 2 febbraio!"},"content":{"rendered":"<p style=\"font-weight: 400;\"><em>\u00a0<\/em>Manca poco meno di un mese al debutto della <strong>nuova stagione no replica<\/strong> di <strong>We Will Rock You<\/strong>, lo spettacolo musicale scritto da <strong>Ben Elton <\/strong>insieme a <strong>Roger Taylor <\/strong>e <strong>Brian May<\/strong>. Il team al completo sta ora partecipando alle prove artistiche e presto passer\u00e0 all\u2019allestimento dell\u2019intera produzione in previsione del debutto, il <strong>2 febbraio al Teatro Nazionale CheBanca! di Milano<\/strong>, che vedr\u00e0 il ritorno sul palco dell\u2019appassionante vicenda di <strong>Galileo <\/strong>e <strong>Scaramouche<\/strong>.<\/p>\n<p style=\"font-weight: 400;\">Una grande storia d\u2019amore per la Musica e per la Libert\u00e0, che nelle edizioni precedenti ha infiammato intere platee animate da giovani e meno giovani, e che promette anche questa volta di trascinare il pubblico tra emozioni e risate, nel racconto della Speranza per un futuro migliore, dell\u2019impegno e sacrificio necessari per cambiare un destino che sembra gi\u00e0 scritto, del\u00a0 potere salvifico del Rock and Roll, dell\u2019importanza di conoscere e della reale condivisione e del diritto di poter esprimere s\u00e9 stessi.<\/p>\n<p style=\"font-weight: 400;\">Il ritmo della narrazione ha come motore trainante i pi\u00f9 grandi successi dei <strong>Queen cantati in lingua originale dal vivo<\/strong> e suonati rigorosamente <strong>live<\/strong> da una <strong>band di sei musicisti<\/strong>, per oltre <strong>due ore e mezza di spettacolo<\/strong>.<\/p>\n<p style=\"font-weight: 400;\">Cos\u00ec <strong>Riccardo Di Paola<\/strong>: <em>\u00abSono molto contento di essere nuovamente il <strong>direttore musicale <\/strong>della nuova edizione di <strong>We Will Rock You<\/strong>. Questo musical racconta la storia di un gruppo di ribelli in un futuro distopico dove la musica \u00e8 stata bandita. La loro lotta per riscoprire la musica e per resistere alle forze del conformismo \u00e8 un tema quanto mai attuale e sono certo che il pubblico si immerger\u00e0 nelle vicende e nelle musiche di questo spettacolo coinvolgente.\u00bb<\/em><\/p>\n<p style=\"font-weight: 400;\">Per <strong>Antonio Torella<\/strong> confermato <strong>direttore vocale dello spettacolo<\/strong>, <em>\u00ab<\/em><strong><em>We Will Rock You<\/em><\/strong><em> torna a conquistare il pubblico italiano come fa ormai da<strong> quasi 15 anni<\/strong>. Con una band e un gruppo di performer che vi faranno letteralmente saltare sulle poltrone!<\/em><em>\u00bb<\/em><\/p>\n<p style=\"font-weight: 400;\"><strong>Ecco la squadra al completo. Il cast:<\/strong> Scaramouche, Martha Rossi; Galileo, Damiano Borgi; Killer Queen, Natascia Fonzetti; Khashoggi, Salvo Bruno; Oz, Alessandra Ferrari; Brit, Mattia Braghero; Pop, Massimiliano Colonna. Voce registrata di prologo ed epilogo: Massimo Cotto. <strong>L\u2019ensemble<\/strong>: Claudio Cangialosi, Anna Foria, Francesco Marino, Stefano Monferrini, Noemi Marta Nazzecone, Monica Ruggeri, Beatrice Sartori, Davide Tagliento. <strong>La band: <\/strong>prima tastiera, Riccardo Di Paola; seconda tastiera, Antonio Torella; chitarre, Roberta Raschell\u00e0 e Federica Pellegrinelli; basso, Alessandro Cassani; batteria, Marco Parenti. <strong>Il team creativo: <\/strong>produttore, Claudio Trotta; regia e adattamento testi, Michaela Berlini; produttore esecutivo, Cristina Trotta; direttore musicale, Riccardo Di Paola; direttore vocale, Antonio Torella; coreografie, Gail Richardson; scenografia, Colin Mayes; disegno luci, Francesco Vignati; costumi, Nunzia Aceto; trucco e parrucco, Claudia Frigatti; sound engineer, Luca Colombo; traduzione copione originale, Raffaella Rolla.<\/p>\n<p style=\"font-weight: 400;\"><strong>Virgin Radio<\/strong> \u00e8 la radio ufficiale del tour italiano 2023, e <strong>Massimo Cotto <\/strong>sar\u00e0 la voce narrante della storia.<\/p>\n<p style=\"font-weight: 400;\"><strong>Energizer<\/strong> si conferma come partner tecnico dello spettacolo.<\/p>\n","protected":false},"excerpt":{"rendered":"<p>\u00a0Manca poco meno di un mese al debutto della nuova stagione no replica di We Will Rock You, lo spettacolo musicale scritto da Ben Elton insieme a Roger Taylor e Brian May. Il team al completo sta ora partecipando alle prove artistiche e presto passer\u00e0 all\u2019allestimento dell\u2019intera produzione in previsione del debutto, il 2 febbraio&hellip;<\/p>\n","protected":false},"author":2,"featured_media":0,"comment_status":"closed","ping_status":"closed","sticky":false,"template":"","format":"standard","meta":{"footnotes":""},"categories":[1],"tags":[],"class_list":["post-587","post","type-post","status-publish","format-standard","hentry","category-uncategorized","category-1","description-off"],"_links":{"self":[{"href":"https:\/\/www.wewillrockyou-themusical.it\/index.php\/wp-json\/wp\/v2\/posts\/587","targetHints":{"allow":["GET"]}}],"collection":[{"href":"https:\/\/www.wewillrockyou-themusical.it\/index.php\/wp-json\/wp\/v2\/posts"}],"about":[{"href":"https:\/\/www.wewillrockyou-themusical.it\/index.php\/wp-json\/wp\/v2\/types\/post"}],"author":[{"embeddable":true,"href":"https:\/\/www.wewillrockyou-themusical.it\/index.php\/wp-json\/wp\/v2\/users\/2"}],"replies":[{"embeddable":true,"href":"https:\/\/www.wewillrockyou-themusical.it\/index.php\/wp-json\/wp\/v2\/comments?post=587"}],"version-history":[{"count":1,"href":"https:\/\/www.wewillrockyou-themusical.it\/index.php\/wp-json\/wp\/v2\/posts\/587\/revisions"}],"predecessor-version":[{"id":588,"href":"https:\/\/www.wewillrockyou-themusical.it\/index.php\/wp-json\/wp\/v2\/posts\/587\/revisions\/588"}],"wp:attachment":[{"href":"https:\/\/www.wewillrockyou-themusical.it\/index.php\/wp-json\/wp\/v2\/media?parent=587"}],"wp:term":[{"taxonomy":"category","embeddable":true,"href":"https:\/\/www.wewillrockyou-themusical.it\/index.php\/wp-json\/wp\/v2\/categories?post=587"},{"taxonomy":"post_tag","embeddable":true,"href":"https:\/\/www.wewillrockyou-themusical.it\/index.php\/wp-json\/wp\/v2\/tags?post=587"}],"curies":[{"name":"wp","href":"https:\/\/api.w.org\/{rel}","templated":true}]}}